{"id":2998,"date":"2023-02-17T09:34:39","date_gmt":"2023-02-17T09:34:39","guid":{"rendered":"https:\/\/soulinthekitchen.com\/?p=2998"},"modified":"2023-02-17T09:34:39","modified_gmt":"2023-02-17T09:34:39","slug":"ensalada-de-tomate-y-maiz","status":"publish","type":"post","link":"https:\/\/soulinthekitchen.com\/index.php\/2023\/02\/17\/ensalada-de-tomate-y-maiz\/","title":{"rendered":"Ensalada de tomate y ma\u00edz"},"content":{"rendered":"<ol>\n<li>Corta 1 tomate en gajos y col\u00f3calo en un recipiente para horno. Al\u00ed\u00f1alo con aceite y sal y hornea durante 25 minutos a 180\u00baC calor arriba y abajo en un horno precalentado.<\/li>\n<li>Tritura el ma\u00edz con el yogur, el zumo de lim\u00f3n y media cucharadita de sal.<\/li>\n<li>Escalda el perejil. Para esto m\u00e9telo en agua hirviendo durante 10 segundos y p\u00e1salos a un bol lleno de agua y hielo. Escurre muy bien el perejil para retirar todo el agua posible.<\/li>\n<li>Tritura el perejil con el aceite de oliva virgen extra. A\u00f1ade un poco de sal.<\/li>\n<li>Corta el otro tomate en gajos.<\/li>\n<li>Para montar la ensalada extiende una capa de la crema de ma\u00edz, coloca los tomates intercalando los asados y los crudos y termina ali\u00f1ando con el aceite de perejil.<\/li>\n<\/ol>\n","protected":false},"excerpt":{"rendered":"<p>Corta 1 tomate en gajos y col\u00f3calo en un recipiente para horno. Al\u00ed\u00f1alo con aceite y sal y hornea durante 25 minutos a 180\u00baC calor arriba y abajo en un horno precalentado. Tritura el ma\u00edz con el yogur, el zumo de lim\u00f3n y media cucharadita de sal. Escalda el perejil. Para esto m\u00e9telo en agua [&hellip;]<\/p>\n","protected":false},"author":2,"featured_media":3000,"comment_status":"open","ping_status":"open","sticky":false,"template":"","format":"standard","meta":{"_acf_changed":false,"_jetpack_memberships_contains_paid_content":false,"footnotes":""},"categories":[11,9],"tags":[213,144,170,212,25],"class_list":["post-2998","post","type-post","status-publish","format-standard","has-post-thumbnail","hentry","category-entrantes","category-verduras","tag-alino","tag-ensalada","tag-maiz","tag-perejil","tag-tomate"],"acf":[],"yoast_head":"<!-- This site is optimized with the Yoast SEO plugin v27.4 - https:\/\/yoast.com\/product\/yoast-seo-wordpress\/ -->\n<title>Ensalada de tomate y ma\u00edz - Soulinthekitchen<\/title>\n<meta name=\"description\" content=\"Combina los tomates asados y los crudos, la cremosidad del ali\u00f1o de ma\u00edz y un toque fresco con el aceite de perejil. Simplemente perfecta.\" \/>\n<meta name=\"robots\" content=\"index, follow, max-snippet:-1, max-image-preview:large, max-video-preview:-1\" \/>\n<link rel=\"canonical\" href=\"https:\/\/soulinthekitchen.com\/index.php\/2023\/02\/17\/ensalada-de-tomate-y-maiz\/\" \/>\n<meta property=\"og:locale\" content=\"en_US\" \/>\n<meta property=\"og:type\" content=\"article\" \/>\n<meta property=\"og:title\" content=\"Ensalada de tomate y ma\u00edz - Soulinthekitchen\" \/>\n<meta property=\"og:description\" content=\"Combina los tomates asados y los crudos, la cremosidad del ali\u00f1o de ma\u00edz y un toque fresco con el aceite de perejil. Simplemente perfecta.\" \/>\n<meta property=\"og:url\" content=\"https:\/\/soulinthekitchen.com\/index.php\/2023\/02\/17\/ensalada-de-tomate-y-maiz\/\" \/>\n<meta property=\"og:site_name\" content=\"Soulinthekitchen\" \/>\n<meta property=\"article:publisher\" content=\"https:\/\/www.facebook.com\/soulinthekitchenf\/\" \/>\n<meta property=\"article:author\" content=\"https:\/\/www.facebook.com\/soulinthekitchenf\/\" \/>\n<meta property=\"article:published_time\" content=\"2023-02-17T09:34:39+00:00\" \/>\n<meta property=\"og:image\" content=\"http:\/\/soulinthekitchen.com\/wp-content\/uploads\/2023\/02\/IMG_1114.jpg\" \/>\n\t<meta property=\"og:image:width\" content=\"1200\" \/>\n\t<meta property=\"og:image:height\" content=\"1600\" \/>\n\t<meta property=\"og:image:type\" content=\"image\/jpeg\" \/>\n<meta name=\"author\" content=\"Claudia Polo\" \/>\n<meta name=\"twitter:card\" content=\"summary_large_image\" \/>\n<meta name=\"twitter:label1\" content=\"Written by\" \/>\n\t<meta name=\"twitter:data1\" content=\"Claudia Polo\" \/>\n\t<meta name=\"twitter:label2\" content=\"Est. reading time\" \/>\n\t<meta name=\"twitter:data2\" content=\"1 minute\" \/>\n<script type=\"application\/ld+json\" class=\"yoast-schema-graph\">{\"@context\":\"https:\\\/\\\/schema.org\",\"@graph\":[{\"@type\":\"Article\",\"@id\":\"https:\\\/\\\/soulinthekitchen.com\\\/index.php\\\/2023\\\/02\\\/17\\\/ensalada-de-tomate-y-maiz\\\/#article\",\"isPartOf\":{\"@id\":\"https:\\\/\\\/soulinthekitchen.com\\\/index.php\\\/2023\\\/02\\\/17\\\/ensalada-de-tomate-y-maiz\\\/\"},\"author\":{\"name\":\"Claudia Polo\",\"@id\":\"https:\\\/\\\/soulinthekitchen.com\\\/#\\\/schema\\\/person\\\/9c10c068d696e8f0cc708955ecc14a3d\"},\"headline\":\"Ensalada de tomate y ma\u00edz\",\"datePublished\":\"2023-02-17T09:34:39+00:00\",\"mainEntityOfPage\":{\"@id\":\"https:\\\/\\\/soulinthekitchen.com\\\/index.php\\\/2023\\\/02\\\/17\\\/ensalada-de-tomate-y-maiz\\\/\"},\"wordCount\":142,\"commentCount\":0,\"publisher\":{\"@id\":\"https:\\\/\\\/soulinthekitchen.com\\\/#\\\/schema\\\/person\\\/9c10c068d696e8f0cc708955ecc14a3d\"},\"image\":{\"@id\":\"https:\\\/\\\/soulinthekitchen.com\\\/index.php\\\/2023\\\/02\\\/17\\\/ensalada-de-tomate-y-maiz\\\/#primaryimage\"},\"thumbnailUrl\":\"https:\\\/\\\/soulinthekitchen.com\\\/wp-content\\\/uploads\\\/2023\\\/02\\\/IMG_1114.jpg\",\"keywords\":[\"ali\u00f1o\",\"ensalada\",\"ma\u00edz\",\"perejil\",\"tomate\"],\"articleSection\":[\"Entrantes\",\"Verduras\"],\"inLanguage\":\"en-US\",\"potentialAction\":[{\"@type\":\"CommentAction\",\"name\":\"Comment\",\"target\":[\"https:\\\/\\\/soulinthekitchen.com\\\/index.php\\\/2023\\\/02\\\/17\\\/ensalada-de-tomate-y-maiz\\\/#respond\"]}]},{\"@type\":\"WebPage\",\"@id\":\"https:\\\/\\\/soulinthekitchen.com\\\/index.php\\\/2023\\\/02\\\/17\\\/ensalada-de-tomate-y-maiz\\\/\",\"url\":\"https:\\\/\\\/soulinthekitchen.com\\\/index.php\\\/2023\\\/02\\\/17\\\/ensalada-de-tomate-y-maiz\\\/\",\"name\":\"Ensalada de tomate y ma\u00edz - Soulinthekitchen\",\"isPartOf\":{\"@id\":\"https:\\\/\\\/soulinthekitchen.com\\\/#website\"},\"primaryImageOfPage\":{\"@id\":\"https:\\\/\\\/soulinthekitchen.com\\\/index.php\\\/2023\\\/02\\\/17\\\/ensalada-de-tomate-y-maiz\\\/#primaryimage\"},\"image\":{\"@id\":\"https:\\\/\\\/soulinthekitchen.com\\\/index.php\\\/2023\\\/02\\\/17\\\/ensalada-de-tomate-y-maiz\\\/#primaryimage\"},\"thumbnailUrl\":\"https:\\\/\\\/soulinthekitchen.com\\\/wp-content\\\/uploads\\\/2023\\\/02\\\/IMG_1114.jpg\",\"datePublished\":\"2023-02-17T09:34:39+00:00\",\"description\":\"Combina los tomates asados y los crudos, la cremosidad del ali\u00f1o de ma\u00edz y un toque fresco con el aceite de perejil. Simplemente perfecta.\",\"inLanguage\":\"en-US\",\"potentialAction\":[{\"@type\":\"ReadAction\",\"target\":[\"https:\\\/\\\/soulinthekitchen.com\\\/index.php\\\/2023\\\/02\\\/17\\\/ensalada-de-tomate-y-maiz\\\/\"]}]},{\"@type\":\"ImageObject\",\"inLanguage\":\"en-US\",\"@id\":\"https:\\\/\\\/soulinthekitchen.com\\\/index.php\\\/2023\\\/02\\\/17\\\/ensalada-de-tomate-y-maiz\\\/#primaryimage\",\"url\":\"https:\\\/\\\/soulinthekitchen.com\\\/wp-content\\\/uploads\\\/2023\\\/02\\\/IMG_1114.jpg\",\"contentUrl\":\"https:\\\/\\\/soulinthekitchen.com\\\/wp-content\\\/uploads\\\/2023\\\/02\\\/IMG_1114.jpg\",\"width\":1200,\"height\":1600},{\"@type\":\"WebSite\",\"@id\":\"https:\\\/\\\/soulinthekitchen.com\\\/#website\",\"url\":\"https:\\\/\\\/soulinthekitchen.com\\\/\",\"name\":\"Soulinthekitchen\",\"description\":\"Cocina consciente.\",\"publisher\":{\"@id\":\"https:\\\/\\\/soulinthekitchen.com\\\/#\\\/schema\\\/person\\\/9c10c068d696e8f0cc708955ecc14a3d\"},\"potentialAction\":[{\"@type\":\"SearchAction\",\"target\":{\"@type\":\"EntryPoint\",\"urlTemplate\":\"https:\\\/\\\/soulinthekitchen.com\\\/?s={search_term_string}\"},\"query-input\":{\"@type\":\"PropertyValueSpecification\",\"valueRequired\":true,\"valueName\":\"search_term_string\"}}],\"inLanguage\":\"en-US\"},{\"@type\":[\"Person\",\"Organization\"],\"@id\":\"https:\\\/\\\/soulinthekitchen.com\\\/#\\\/schema\\\/person\\\/9c10c068d696e8f0cc708955ecc14a3d\",\"name\":\"Claudia Polo\",\"image\":{\"@type\":\"ImageObject\",\"inLanguage\":\"en-US\",\"@id\":\"https:\\\/\\\/soulinthekitchen.com\\\/wp-content\\\/uploads\\\/2022\\\/11\\\/logo-registered.svg\",\"url\":\"https:\\\/\\\/soulinthekitchen.com\\\/wp-content\\\/uploads\\\/2022\\\/11\\\/logo-registered.svg\",\"contentUrl\":\"https:\\\/\\\/soulinthekitchen.com\\\/wp-content\\\/uploads\\\/2022\\\/11\\\/logo-registered.svg\",\"width\":1472,\"height\":162,\"caption\":\"Claudia Polo\"},\"logo\":{\"@id\":\"https:\\\/\\\/soulinthekitchen.com\\\/wp-content\\\/uploads\\\/2022\\\/11\\\/logo-registered.svg\"},\"sameAs\":[\"https:\\\/\\\/www.facebook.com\\\/soulinthekitchenf\\\/\",\"https:\\\/\\\/www.instagram.com\\\/soulinthekitchen\\\/\",\"https:\\\/\\\/www.youtube.com\\\/@soulinthekitchen7128\"],\"url\":\"https:\\\/\\\/soulinthekitchen.com\\\/index.php\\\/author\\\/souleditor123\\\/\"}]}<\/script>\n<!-- \/ Yoast SEO plugin. -->","yoast_head_json":{"title":"Ensalada de tomate y ma\u00edz - Soulinthekitchen","description":"Combina los tomates asados y los crudos, la cremosidad del ali\u00f1o de ma\u00edz y un toque fresco con el aceite de perejil. Simplemente perfecta.","robots":{"index":"index","follow":"follow","max-snippet":"max-snippet:-1","max-image-preview":"max-image-preview:large","max-video-preview":"max-video-preview:-1"},"canonical":"https:\/\/soulinthekitchen.com\/index.php\/2023\/02\/17\/ensalada-de-tomate-y-maiz\/","og_locale":"en_US","og_type":"article","og_title":"Ensalada de tomate y ma\u00edz - Soulinthekitchen","og_description":"Combina los tomates asados y los crudos, la cremosidad del ali\u00f1o de ma\u00edz y un toque fresco con el aceite de perejil. Simplemente perfecta.","og_url":"https:\/\/soulinthekitchen.com\/index.php\/2023\/02\/17\/ensalada-de-tomate-y-maiz\/","og_site_name":"Soulinthekitchen","article_publisher":"https:\/\/www.facebook.com\/soulinthekitchenf\/","article_author":"https:\/\/www.facebook.com\/soulinthekitchenf\/","article_published_time":"2023-02-17T09:34:39+00:00","og_image":[{"width":1200,"height":1600,"url":"http:\/\/soulinthekitchen.com\/wp-content\/uploads\/2023\/02\/IMG_1114.jpg","type":"image\/jpeg"}],"author":"Claudia Polo","twitter_card":"summary_large_image","twitter_misc":{"Written by":"Claudia Polo","Est. reading time":"1 minute"},"schema":{"@context":"https:\/\/schema.org","@graph":[{"@type":"Article","@id":"https:\/\/soulinthekitchen.com\/index.php\/2023\/02\/17\/ensalada-de-tomate-y-maiz\/#article","isPartOf":{"@id":"https:\/\/soulinthekitchen.com\/index.php\/2023\/02\/17\/ensalada-de-tomate-y-maiz\/"},"author":{"name":"Claudia Polo","@id":"https:\/\/soulinthekitchen.com\/#\/schema\/person\/9c10c068d696e8f0cc708955ecc14a3d"},"headline":"Ensalada de tomate y ma\u00edz","datePublished":"2023-02-17T09:34:39+00:00","mainEntityOfPage":{"@id":"https:\/\/soulinthekitchen.com\/index.php\/2023\/02\/17\/ensalada-de-tomate-y-maiz\/"},"wordCount":142,"commentCount":0,"publisher":{"@id":"https:\/\/soulinthekitchen.com\/#\/schema\/person\/9c10c068d696e8f0cc708955ecc14a3d"},"image":{"@id":"https:\/\/soulinthekitchen.com\/index.php\/2023\/02\/17\/ensalada-de-tomate-y-maiz\/#primaryimage"},"thumbnailUrl":"https:\/\/soulinthekitchen.com\/wp-content\/uploads\/2023\/02\/IMG_1114.jpg","keywords":["ali\u00f1o","ensalada","ma\u00edz","perejil","tomate"],"articleSection":["Entrantes","Verduras"],"inLanguage":"en-US","potentialAction":[{"@type":"CommentAction","name":"Comment","target":["https:\/\/soulinthekitchen.com\/index.php\/2023\/02\/17\/ensalada-de-tomate-y-maiz\/#respond"]}]},{"@type":"WebPage","@id":"https:\/\/soulinthekitchen.com\/index.php\/2023\/02\/17\/ensalada-de-tomate-y-maiz\/","url":"https:\/\/soulinthekitchen.com\/index.php\/2023\/02\/17\/ensalada-de-tomate-y-maiz\/","name":"Ensalada de tomate y ma\u00edz - Soulinthekitchen","isPartOf":{"@id":"https:\/\/soulinthekitchen.com\/#website"},"primaryImageOfPage":{"@id":"https:\/\/soulinthekitchen.com\/index.php\/2023\/02\/17\/ensalada-de-tomate-y-maiz\/#primaryimage"},"image":{"@id":"https:\/\/soulinthekitchen.com\/index.php\/2023\/02\/17\/ensalada-de-tomate-y-maiz\/#primaryimage"},"thumbnailUrl":"https:\/\/soulinthekitchen.com\/wp-content\/uploads\/2023\/02\/IMG_1114.jpg","datePublished":"2023-02-17T09:34:39+00:00","description":"Combina los tomates asados y los crudos, la cremosidad del ali\u00f1o de ma\u00edz y un toque fresco con el aceite de perejil. Simplemente perfecta.","inLanguage":"en-US","potentialAction":[{"@type":"ReadAction","target":["https:\/\/soulinthekitchen.com\/index.php\/2023\/02\/17\/ensalada-de-tomate-y-maiz\/"]}]},{"@type":"ImageObject","inLanguage":"en-US","@id":"https:\/\/soulinthekitchen.com\/index.php\/2023\/02\/17\/ensalada-de-tomate-y-maiz\/#primaryimage","url":"https:\/\/soulinthekitchen.com\/wp-content\/uploads\/2023\/02\/IMG_1114.jpg","contentUrl":"https:\/\/soulinthekitchen.com\/wp-content\/uploads\/2023\/02\/IMG_1114.jpg","width":1200,"height":1600},{"@type":"WebSite","@id":"https:\/\/soulinthekitchen.com\/#website","url":"https:\/\/soulinthekitchen.com\/","name":"Soulinthekitchen","description":"Cocina consciente.","publisher":{"@id":"https:\/\/soulinthekitchen.com\/#\/schema\/person\/9c10c068d696e8f0cc708955ecc14a3d"},"potentialAction":[{"@type":"SearchAction","target":{"@type":"EntryPoint","urlTemplate":"https:\/\/soulinthekitchen.com\/?s={search_term_string}"},"query-input":{"@type":"PropertyValueSpecification","valueRequired":true,"valueName":"search_term_string"}}],"inLanguage":"en-US"},{"@type":["Person","Organization"],"@id":"https:\/\/soulinthekitchen.com\/#\/schema\/person\/9c10c068d696e8f0cc708955ecc14a3d","name":"Claudia Polo","image":{"@type":"ImageObject","inLanguage":"en-US","@id":"https:\/\/soulinthekitchen.com\/wp-content\/uploads\/2022\/11\/logo-registered.svg","url":"https:\/\/soulinthekitchen.com\/wp-content\/uploads\/2022\/11\/logo-registered.svg","contentUrl":"https:\/\/soulinthekitchen.com\/wp-content\/uploads\/2022\/11\/logo-registered.svg","width":1472,"height":162,"caption":"Claudia Polo"},"logo":{"@id":"https:\/\/soulinthekitchen.com\/wp-content\/uploads\/2022\/11\/logo-registered.svg"},"sameAs":["https:\/\/www.facebook.com\/soulinthekitchenf\/","https:\/\/www.instagram.com\/soulinthekitchen\/","https:\/\/www.youtube.com\/@soulinthekitchen7128"],"url":"https:\/\/soulinthekitchen.com\/index.php\/author\/souleditor123\/"}]}},"jetpack_featured_media_url":"https:\/\/soulinthekitchen.com\/wp-content\/uploads\/2023\/02\/IMG_1114.jpg","jetpack_sharing_enabled":true,"_links":{"self":[{"href":"https:\/\/soulinthekitchen.com\/index.php\/wp-json\/wp\/v2\/posts\/2998","targetHints":{"allow":["GET"]}}],"collection":[{"href":"https:\/\/soulinthekitchen.com\/index.php\/wp-json\/wp\/v2\/posts"}],"about":[{"href":"https:\/\/soulinthekitchen.com\/index.php\/wp-json\/wp\/v2\/types\/post"}],"author":[{"embeddable":true,"href":"https:\/\/soulinthekitchen.com\/index.php\/wp-json\/wp\/v2\/users\/2"}],"replies":[{"embeddable":true,"href":"https:\/\/soulinthekitchen.com\/index.php\/wp-json\/wp\/v2\/comments?post=2998"}],"version-history":[{"count":1,"href":"https:\/\/soulinthekitchen.com\/index.php\/wp-json\/wp\/v2\/posts\/2998\/revisions"}],"predecessor-version":[{"id":3001,"href":"https:\/\/soulinthekitchen.com\/index.php\/wp-json\/wp\/v2\/posts\/2998\/revisions\/3001"}],"wp:featuredmedia":[{"embeddable":true,"href":"https:\/\/soulinthekitchen.com\/index.php\/wp-json\/wp\/v2\/media\/3000"}],"wp:attachment":[{"href":"https:\/\/soulinthekitchen.com\/index.php\/wp-json\/wp\/v2\/media?parent=2998"}],"wp:term":[{"taxonomy":"category","embeddable":true,"href":"https:\/\/soulinthekitchen.com\/index.php\/wp-json\/wp\/v2\/categories?post=2998"},{"taxonomy":"post_tag","embeddable":true,"href":"https:\/\/soulinthekitchen.com\/index.php\/wp-json\/wp\/v2\/tags?post=2998"}],"curies":[{"name":"wp","href":"https:\/\/api.w.org\/{rel}","templated":true}]}}