{"id":2816,"date":"2023-02-10T10:04:02","date_gmt":"2023-02-10T10:04:02","guid":{"rendered":"https:\/\/soulinthekitchen.com\/?p=2816"},"modified":"2023-02-10T10:04:02","modified_gmt":"2023-02-10T10:04:02","slug":"ensalada-de-melocoton-a-la-plancha-y-tomates","status":"publish","type":"post","link":"https:\/\/soulinthekitchen.com\/index.php\/2023\/02\/10\/ensalada-de-melocoton-a-la-plancha-y-tomates\/","title":{"rendered":"Ensalada de melocot\u00f3n a la plancha y tomates"},"content":{"rendered":"<ol>\n<li>Corta el melocot\u00f3n en gajos. En una sart\u00e9n a fuego fuerte con un poco de aceite dora los gajos de melocot\u00f3n por ambos lados hasta que est\u00e9n muy tostados.<\/li>\n<li>Corta el tomate tambi\u00e9n en gajos, el hinojo en l\u00e1minas muy finas -como se dice en cocina, en juliana- y pica la hierbabuena lo m\u00e1s peque\u00f1a que puedas.<\/li>\n<li>Prepara la vinagreta agitando en un tarro de cristal el aceite, la miel, el zumo y la ralladura de lim\u00f3n y 1\/2 cucharadita de sal.<\/li>\n<li>Monta la ensalada en una fuente colocando el melocot\u00f3n y los tomates, el hinojo por encima. Corta el jam\u00f3n con las manos y distrib\u00fayelo sobre la ensalada. Termina con al vinagreta y la hierbabuena.<\/li>\n<\/ol>\n","protected":false},"excerpt":{"rendered":"<p>Corta el melocot\u00f3n en gajos. En una sart\u00e9n a fuego fuerte con un poco de aceite dora los gajos de melocot\u00f3n por ambos lados hasta que est\u00e9n muy tostados. Corta el tomate tambi\u00e9n en gajos, el hinojo en l\u00e1minas muy finas -como se dice en cocina, en juliana- y pica la hierbabuena lo m\u00e1s peque\u00f1a [&hellip;]<\/p>\n","protected":false},"author":2,"featured_media":2818,"comment_status":"open","ping_status":"open","sticky":false,"template":"","format":"standard","meta":{"_acf_changed":false,"_jetpack_memberships_contains_paid_content":false,"footnotes":""},"categories":[9],"tags":[144,205,207,206,203,25,163,204],"class_list":["post-2816","post","type-post","status-publish","format-standard","has-post-thumbnail","hentry","category-verduras","tag-ensalada","tag-hierbabuena","tag-hinojo","tag-jamon","tag-melocoton","tag-tomate","tag-verano","tag-vinagreta"],"acf":[],"yoast_head":"<!-- This site is optimized with the Yoast SEO plugin v27.4 - https:\/\/yoast.com\/product\/yoast-seo-wordpress\/ -->\n<title>Ensalada de melocot\u00f3n a la plancha y tomates - Soulinthekitchen<\/title>\n<meta name=\"description\" content=\"Ensalada de verano para disfrutar bajo la sombra. Tomate rosa, melocot\u00f3n a la plancha, hinojo y jam\u00f3n... Combinaci\u00f3n estival favorita.\" \/>\n<meta name=\"robots\" content=\"index, follow, max-snippet:-1, max-image-preview:large, max-video-preview:-1\" \/>\n<link rel=\"canonical\" href=\"https:\/\/soulinthekitchen.com\/index.php\/2023\/02\/10\/ensalada-de-melocoton-a-la-plancha-y-tomates\/\" \/>\n<meta property=\"og:locale\" content=\"en_US\" \/>\n<meta property=\"og:type\" content=\"article\" \/>\n<meta property=\"og:title\" content=\"Ensalada de melocot\u00f3n a la plancha y tomates - Soulinthekitchen\" \/>\n<meta property=\"og:description\" content=\"Ensalada de verano para disfrutar bajo la sombra. Tomate rosa, melocot\u00f3n a la plancha, hinojo y jam\u00f3n... Combinaci\u00f3n estival favorita.\" \/>\n<meta property=\"og:url\" content=\"https:\/\/soulinthekitchen.com\/index.php\/2023\/02\/10\/ensalada-de-melocoton-a-la-plancha-y-tomates\/\" \/>\n<meta property=\"og:site_name\" content=\"Soulinthekitchen\" \/>\n<meta property=\"article:publisher\" content=\"https:\/\/www.facebook.com\/soulinthekitchenf\/\" \/>\n<meta property=\"article:author\" content=\"https:\/\/www.facebook.com\/soulinthekitchenf\/\" \/>\n<meta property=\"article:published_time\" content=\"2023-02-10T10:04:02+00:00\" \/>\n<meta property=\"og:image\" content=\"http:\/\/soulinthekitchen.com\/wp-content\/uploads\/2023\/02\/image00021.jpg\" \/>\n\t<meta property=\"og:image:width\" content=\"1200\" \/>\n\t<meta property=\"og:image:height\" content=\"1600\" \/>\n\t<meta property=\"og:image:type\" content=\"image\/jpeg\" \/>\n<meta name=\"author\" content=\"Claudia Polo\" \/>\n<meta name=\"twitter:card\" content=\"summary_large_image\" \/>\n<meta name=\"twitter:label1\" content=\"Written by\" \/>\n\t<meta name=\"twitter:data1\" content=\"Claudia Polo\" \/>\n\t<meta name=\"twitter:label2\" content=\"Est. reading time\" \/>\n\t<meta name=\"twitter:data2\" content=\"1 minute\" \/>\n<script type=\"application\/ld+json\" class=\"yoast-schema-graph\">{\"@context\":\"https:\\\/\\\/schema.org\",\"@graph\":[{\"@type\":\"Article\",\"@id\":\"https:\\\/\\\/soulinthekitchen.com\\\/index.php\\\/2023\\\/02\\\/10\\\/ensalada-de-melocoton-a-la-plancha-y-tomates\\\/#article\",\"isPartOf\":{\"@id\":\"https:\\\/\\\/soulinthekitchen.com\\\/index.php\\\/2023\\\/02\\\/10\\\/ensalada-de-melocoton-a-la-plancha-y-tomates\\\/\"},\"author\":{\"name\":\"Claudia Polo\",\"@id\":\"https:\\\/\\\/soulinthekitchen.com\\\/#\\\/schema\\\/person\\\/9c10c068d696e8f0cc708955ecc14a3d\"},\"headline\":\"Ensalada de melocot\u00f3n a la plancha y tomates\",\"datePublished\":\"2023-02-10T10:04:02+00:00\",\"mainEntityOfPage\":{\"@id\":\"https:\\\/\\\/soulinthekitchen.com\\\/index.php\\\/2023\\\/02\\\/10\\\/ensalada-de-melocoton-a-la-plancha-y-tomates\\\/\"},\"wordCount\":136,\"commentCount\":0,\"publisher\":{\"@id\":\"https:\\\/\\\/soulinthekitchen.com\\\/#\\\/schema\\\/person\\\/9c10c068d696e8f0cc708955ecc14a3d\"},\"image\":{\"@id\":\"https:\\\/\\\/soulinthekitchen.com\\\/index.php\\\/2023\\\/02\\\/10\\\/ensalada-de-melocoton-a-la-plancha-y-tomates\\\/#primaryimage\"},\"thumbnailUrl\":\"https:\\\/\\\/soulinthekitchen.com\\\/wp-content\\\/uploads\\\/2023\\\/02\\\/image00021.jpg\",\"keywords\":[\"ensalada\",\"hierbabuena\",\"hinojo\",\"jam\u00f3n\",\"melocot\u00f3n\",\"tomate\",\"verano\",\"vinagreta\"],\"articleSection\":[\"Verduras\"],\"inLanguage\":\"en-US\",\"potentialAction\":[{\"@type\":\"CommentAction\",\"name\":\"Comment\",\"target\":[\"https:\\\/\\\/soulinthekitchen.com\\\/index.php\\\/2023\\\/02\\\/10\\\/ensalada-de-melocoton-a-la-plancha-y-tomates\\\/#respond\"]}]},{\"@type\":\"WebPage\",\"@id\":\"https:\\\/\\\/soulinthekitchen.com\\\/index.php\\\/2023\\\/02\\\/10\\\/ensalada-de-melocoton-a-la-plancha-y-tomates\\\/\",\"url\":\"https:\\\/\\\/soulinthekitchen.com\\\/index.php\\\/2023\\\/02\\\/10\\\/ensalada-de-melocoton-a-la-plancha-y-tomates\\\/\",\"name\":\"Ensalada de melocot\u00f3n a la plancha y tomates - Soulinthekitchen\",\"isPartOf\":{\"@id\":\"https:\\\/\\\/soulinthekitchen.com\\\/#website\"},\"primaryImageOfPage\":{\"@id\":\"https:\\\/\\\/soulinthekitchen.com\\\/index.php\\\/2023\\\/02\\\/10\\\/ensalada-de-melocoton-a-la-plancha-y-tomates\\\/#primaryimage\"},\"image\":{\"@id\":\"https:\\\/\\\/soulinthekitchen.com\\\/index.php\\\/2023\\\/02\\\/10\\\/ensalada-de-melocoton-a-la-plancha-y-tomates\\\/#primaryimage\"},\"thumbnailUrl\":\"https:\\\/\\\/soulinthekitchen.com\\\/wp-content\\\/uploads\\\/2023\\\/02\\\/image00021.jpg\",\"datePublished\":\"2023-02-10T10:04:02+00:00\",\"description\":\"Ensalada de verano para disfrutar bajo la sombra. Tomate rosa, melocot\u00f3n a la plancha, hinojo y jam\u00f3n... Combinaci\u00f3n estival favorita.\",\"inLanguage\":\"en-US\",\"potentialAction\":[{\"@type\":\"ReadAction\",\"target\":[\"https:\\\/\\\/soulinthekitchen.com\\\/index.php\\\/2023\\\/02\\\/10\\\/ensalada-de-melocoton-a-la-plancha-y-tomates\\\/\"]}]},{\"@type\":\"ImageObject\",\"inLanguage\":\"en-US\",\"@id\":\"https:\\\/\\\/soulinthekitchen.com\\\/index.php\\\/2023\\\/02\\\/10\\\/ensalada-de-melocoton-a-la-plancha-y-tomates\\\/#primaryimage\",\"url\":\"https:\\\/\\\/soulinthekitchen.com\\\/wp-content\\\/uploads\\\/2023\\\/02\\\/image00021.jpg\",\"contentUrl\":\"https:\\\/\\\/soulinthekitchen.com\\\/wp-content\\\/uploads\\\/2023\\\/02\\\/image00021.jpg\",\"width\":1200,\"height\":1600},{\"@type\":\"WebSite\",\"@id\":\"https:\\\/\\\/soulinthekitchen.com\\\/#website\",\"url\":\"https:\\\/\\\/soulinthekitchen.com\\\/\",\"name\":\"Soulinthekitchen\",\"description\":\"Cocina consciente.\",\"publisher\":{\"@id\":\"https:\\\/\\\/soulinthekitchen.com\\\/#\\\/schema\\\/person\\\/9c10c068d696e8f0cc708955ecc14a3d\"},\"potentialAction\":[{\"@type\":\"SearchAction\",\"target\":{\"@type\":\"EntryPoint\",\"urlTemplate\":\"https:\\\/\\\/soulinthekitchen.com\\\/?s={search_term_string}\"},\"query-input\":{\"@type\":\"PropertyValueSpecification\",\"valueRequired\":true,\"valueName\":\"search_term_string\"}}],\"inLanguage\":\"en-US\"},{\"@type\":[\"Person\",\"Organization\"],\"@id\":\"https:\\\/\\\/soulinthekitchen.com\\\/#\\\/schema\\\/person\\\/9c10c068d696e8f0cc708955ecc14a3d\",\"name\":\"Claudia Polo\",\"image\":{\"@type\":\"ImageObject\",\"inLanguage\":\"en-US\",\"@id\":\"https:\\\/\\\/soulinthekitchen.com\\\/wp-content\\\/uploads\\\/2022\\\/11\\\/logo-registered.svg\",\"url\":\"https:\\\/\\\/soulinthekitchen.com\\\/wp-content\\\/uploads\\\/2022\\\/11\\\/logo-registered.svg\",\"contentUrl\":\"https:\\\/\\\/soulinthekitchen.com\\\/wp-content\\\/uploads\\\/2022\\\/11\\\/logo-registered.svg\",\"width\":1472,\"height\":162,\"caption\":\"Claudia Polo\"},\"logo\":{\"@id\":\"https:\\\/\\\/soulinthekitchen.com\\\/wp-content\\\/uploads\\\/2022\\\/11\\\/logo-registered.svg\"},\"sameAs\":[\"https:\\\/\\\/www.facebook.com\\\/soulinthekitchenf\\\/\",\"https:\\\/\\\/www.instagram.com\\\/soulinthekitchen\\\/\",\"https:\\\/\\\/www.youtube.com\\\/@soulinthekitchen7128\"],\"url\":\"https:\\\/\\\/soulinthekitchen.com\\\/index.php\\\/author\\\/souleditor123\\\/\"}]}<\/script>\n<!-- \/ Yoast SEO plugin. -->","yoast_head_json":{"title":"Ensalada de melocot\u00f3n a la plancha y tomates - Soulinthekitchen","description":"Ensalada de verano para disfrutar bajo la sombra. Tomate rosa, melocot\u00f3n a la plancha, hinojo y jam\u00f3n... Combinaci\u00f3n estival favorita.","robots":{"index":"index","follow":"follow","max-snippet":"max-snippet:-1","max-image-preview":"max-image-preview:large","max-video-preview":"max-video-preview:-1"},"canonical":"https:\/\/soulinthekitchen.com\/index.php\/2023\/02\/10\/ensalada-de-melocoton-a-la-plancha-y-tomates\/","og_locale":"en_US","og_type":"article","og_title":"Ensalada de melocot\u00f3n a la plancha y tomates - Soulinthekitchen","og_description":"Ensalada de verano para disfrutar bajo la sombra. Tomate rosa, melocot\u00f3n a la plancha, hinojo y jam\u00f3n... Combinaci\u00f3n estival favorita.","og_url":"https:\/\/soulinthekitchen.com\/index.php\/2023\/02\/10\/ensalada-de-melocoton-a-la-plancha-y-tomates\/","og_site_name":"Soulinthekitchen","article_publisher":"https:\/\/www.facebook.com\/soulinthekitchenf\/","article_author":"https:\/\/www.facebook.com\/soulinthekitchenf\/","article_published_time":"2023-02-10T10:04:02+00:00","og_image":[{"width":1200,"height":1600,"url":"http:\/\/soulinthekitchen.com\/wp-content\/uploads\/2023\/02\/image00021.jpg","type":"image\/jpeg"}],"author":"Claudia Polo","twitter_card":"summary_large_image","twitter_misc":{"Written by":"Claudia Polo","Est. reading time":"1 minute"},"schema":{"@context":"https:\/\/schema.org","@graph":[{"@type":"Article","@id":"https:\/\/soulinthekitchen.com\/index.php\/2023\/02\/10\/ensalada-de-melocoton-a-la-plancha-y-tomates\/#article","isPartOf":{"@id":"https:\/\/soulinthekitchen.com\/index.php\/2023\/02\/10\/ensalada-de-melocoton-a-la-plancha-y-tomates\/"},"author":{"name":"Claudia Polo","@id":"https:\/\/soulinthekitchen.com\/#\/schema\/person\/9c10c068d696e8f0cc708955ecc14a3d"},"headline":"Ensalada de melocot\u00f3n a la plancha y tomates","datePublished":"2023-02-10T10:04:02+00:00","mainEntityOfPage":{"@id":"https:\/\/soulinthekitchen.com\/index.php\/2023\/02\/10\/ensalada-de-melocoton-a-la-plancha-y-tomates\/"},"wordCount":136,"commentCount":0,"publisher":{"@id":"https:\/\/soulinthekitchen.com\/#\/schema\/person\/9c10c068d696e8f0cc708955ecc14a3d"},"image":{"@id":"https:\/\/soulinthekitchen.com\/index.php\/2023\/02\/10\/ensalada-de-melocoton-a-la-plancha-y-tomates\/#primaryimage"},"thumbnailUrl":"https:\/\/soulinthekitchen.com\/wp-content\/uploads\/2023\/02\/image00021.jpg","keywords":["ensalada","hierbabuena","hinojo","jam\u00f3n","melocot\u00f3n","tomate","verano","vinagreta"],"articleSection":["Verduras"],"inLanguage":"en-US","potentialAction":[{"@type":"CommentAction","name":"Comment","target":["https:\/\/soulinthekitchen.com\/index.php\/2023\/02\/10\/ensalada-de-melocoton-a-la-plancha-y-tomates\/#respond"]}]},{"@type":"WebPage","@id":"https:\/\/soulinthekitchen.com\/index.php\/2023\/02\/10\/ensalada-de-melocoton-a-la-plancha-y-tomates\/","url":"https:\/\/soulinthekitchen.com\/index.php\/2023\/02\/10\/ensalada-de-melocoton-a-la-plancha-y-tomates\/","name":"Ensalada de melocot\u00f3n a la plancha y tomates - Soulinthekitchen","isPartOf":{"@id":"https:\/\/soulinthekitchen.com\/#website"},"primaryImageOfPage":{"@id":"https:\/\/soulinthekitchen.com\/index.php\/2023\/02\/10\/ensalada-de-melocoton-a-la-plancha-y-tomates\/#primaryimage"},"image":{"@id":"https:\/\/soulinthekitchen.com\/index.php\/2023\/02\/10\/ensalada-de-melocoton-a-la-plancha-y-tomates\/#primaryimage"},"thumbnailUrl":"https:\/\/soulinthekitchen.com\/wp-content\/uploads\/2023\/02\/image00021.jpg","datePublished":"2023-02-10T10:04:02+00:00","description":"Ensalada de verano para disfrutar bajo la sombra. Tomate rosa, melocot\u00f3n a la plancha, hinojo y jam\u00f3n... Combinaci\u00f3n estival favorita.","inLanguage":"en-US","potentialAction":[{"@type":"ReadAction","target":["https:\/\/soulinthekitchen.com\/index.php\/2023\/02\/10\/ensalada-de-melocoton-a-la-plancha-y-tomates\/"]}]},{"@type":"ImageObject","inLanguage":"en-US","@id":"https:\/\/soulinthekitchen.com\/index.php\/2023\/02\/10\/ensalada-de-melocoton-a-la-plancha-y-tomates\/#primaryimage","url":"https:\/\/soulinthekitchen.com\/wp-content\/uploads\/2023\/02\/image00021.jpg","contentUrl":"https:\/\/soulinthekitchen.com\/wp-content\/uploads\/2023\/02\/image00021.jpg","width":1200,"height":1600},{"@type":"WebSite","@id":"https:\/\/soulinthekitchen.com\/#website","url":"https:\/\/soulinthekitchen.com\/","name":"Soulinthekitchen","description":"Cocina consciente.","publisher":{"@id":"https:\/\/soulinthekitchen.com\/#\/schema\/person\/9c10c068d696e8f0cc708955ecc14a3d"},"potentialAction":[{"@type":"SearchAction","target":{"@type":"EntryPoint","urlTemplate":"https:\/\/soulinthekitchen.com\/?s={search_term_string}"},"query-input":{"@type":"PropertyValueSpecification","valueRequired":true,"valueName":"search_term_string"}}],"inLanguage":"en-US"},{"@type":["Person","Organization"],"@id":"https:\/\/soulinthekitchen.com\/#\/schema\/person\/9c10c068d696e8f0cc708955ecc14a3d","name":"Claudia Polo","image":{"@type":"ImageObject","inLanguage":"en-US","@id":"https:\/\/soulinthekitchen.com\/wp-content\/uploads\/2022\/11\/logo-registered.svg","url":"https:\/\/soulinthekitchen.com\/wp-content\/uploads\/2022\/11\/logo-registered.svg","contentUrl":"https:\/\/soulinthekitchen.com\/wp-content\/uploads\/2022\/11\/logo-registered.svg","width":1472,"height":162,"caption":"Claudia Polo"},"logo":{"@id":"https:\/\/soulinthekitchen.com\/wp-content\/uploads\/2022\/11\/logo-registered.svg"},"sameAs":["https:\/\/www.facebook.com\/soulinthekitchenf\/","https:\/\/www.instagram.com\/soulinthekitchen\/","https:\/\/www.youtube.com\/@soulinthekitchen7128"],"url":"https:\/\/soulinthekitchen.com\/index.php\/author\/souleditor123\/"}]}},"jetpack_featured_media_url":"https:\/\/soulinthekitchen.com\/wp-content\/uploads\/2023\/02\/image00021.jpg","jetpack_sharing_enabled":true,"_links":{"self":[{"href":"https:\/\/soulinthekitchen.com\/index.php\/wp-json\/wp\/v2\/posts\/2816","targetHints":{"allow":["GET"]}}],"collection":[{"href":"https:\/\/soulinthekitchen.com\/index.php\/wp-json\/wp\/v2\/posts"}],"about":[{"href":"https:\/\/soulinthekitchen.com\/index.php\/wp-json\/wp\/v2\/types\/post"}],"author":[{"embeddable":true,"href":"https:\/\/soulinthekitchen.com\/index.php\/wp-json\/wp\/v2\/users\/2"}],"replies":[{"embeddable":true,"href":"https:\/\/soulinthekitchen.com\/index.php\/wp-json\/wp\/v2\/comments?post=2816"}],"version-history":[{"count":1,"href":"https:\/\/soulinthekitchen.com\/index.php\/wp-json\/wp\/v2\/posts\/2816\/revisions"}],"predecessor-version":[{"id":2820,"href":"https:\/\/soulinthekitchen.com\/index.php\/wp-json\/wp\/v2\/posts\/2816\/revisions\/2820"}],"wp:featuredmedia":[{"embeddable":true,"href":"https:\/\/soulinthekitchen.com\/index.php\/wp-json\/wp\/v2\/media\/2818"}],"wp:attachment":[{"href":"https:\/\/soulinthekitchen.com\/index.php\/wp-json\/wp\/v2\/media?parent=2816"}],"wp:term":[{"taxonomy":"category","embeddable":true,"href":"https:\/\/soulinthekitchen.com\/index.php\/wp-json\/wp\/v2\/categories?post=2816"},{"taxonomy":"post_tag","embeddable":true,"href":"https:\/\/soulinthekitchen.com\/index.php\/wp-json\/wp\/v2\/tags?post=2816"}],"curies":[{"name":"wp","href":"https:\/\/api.w.org\/{rel}","templated":true}]}}