{"id":2651,"date":"2023-02-07T08:50:38","date_gmt":"2023-02-07T08:50:38","guid":{"rendered":"https:\/\/soulinthekitchen.com\/?p=2651"},"modified":"2023-02-07T08:50:38","modified_gmt":"2023-02-07T08:50:38","slug":"tarta-salada-de-cebolla-y-anchoas","status":"publish","type":"post","link":"https:\/\/soulinthekitchen.com\/index.php\/2023\/02\/07\/tarta-salada-de-cebolla-y-anchoas\/","title":{"rendered":"Tarta salada de cebolla y anchoas"},"content":{"rendered":"<ol>\n<li>Corta las cebollas en juliana fina -tiras- y coc\u00ednala a fuego medio con aceite y sal hasta que quede muuuy pochadita, que coja color y se quede blanda.<\/li>\n<li>Mezcla la harina, el aceite de oliva virgen extra, el agua y una pizca de sal. Haz una bola homog\u00e9nea y exti\u00e9ndela sobre una bandeja de horno. Puedes dejar el borde un poco m\u00e1s grueso.<\/li>\n<li>Hornea en un horno precalentado previamente a 180\u00baC calor arriba y abajo durante 20 minutos.<\/li>\n<li>Pica los pimientos y las alcaparras. Col\u00f3calos en la base de la tarta. A\u00f1ade toda la cebolla bien repartida por la superficie. Decora con anchoas y alcaparras.<\/li>\n<li>Hornea durante 20 minutos m\u00e1s.<\/li>\n<\/ol>\n","protected":false},"excerpt":{"rendered":"<p>Corta las cebollas en juliana fina -tiras- y coc\u00ednala a fuego medio con aceite y sal hasta que quede muuuy pochadita, que coja color y se quede blanda. Mezcla la harina, el aceite de oliva virgen extra, el agua y una pizca de sal. Haz una bola homog\u00e9nea y exti\u00e9ndela sobre una bandeja de horno. [&hellip;]<\/p>\n","protected":false},"author":2,"featured_media":2652,"comment_status":"open","ping_status":"open","sticky":false,"template":"","format":"standard","meta":{"_acf_changed":false,"_jetpack_memberships_contains_paid_content":false,"footnotes":""},"categories":[11,8,9],"tags":[118,117,34,197,81,56],"class_list":["post-2651","post","type-post","status-publish","format-standard","has-post-thumbnail","hentry","category-entrantes","category-pasta-y-arroz","category-verduras","tag-alcaparras","tag-anchoas","tag-cebolla","tag-masa","tag-pimientos","tag-tarta-salada"],"acf":[],"yoast_head":"<!-- This site is optimized with the Yoast SEO plugin v27.5 - https:\/\/yoast.com\/product\/yoast-seo-wordpress\/ -->\n<title>Tarta salada de cebolla y anchoas - Soulinthekitchen<\/title>\n<meta name=\"description\" content=\"La combinaci\u00f3n de cebolla y anchoa es un acierto seguro, as\u00ed que en formato tarta ya ni os cuento. Para llorar.\" \/>\n<meta name=\"robots\" content=\"index, follow, max-snippet:-1, max-image-preview:large, max-video-preview:-1\" \/>\n<link rel=\"canonical\" href=\"https:\/\/soulinthekitchen.com\/index.php\/2023\/02\/07\/tarta-salada-de-cebolla-y-anchoas\/\" \/>\n<meta property=\"og:locale\" content=\"en_US\" \/>\n<meta property=\"og:type\" content=\"article\" \/>\n<meta property=\"og:title\" content=\"Tarta salada de cebolla y anchoas - Soulinthekitchen\" \/>\n<meta property=\"og:description\" content=\"La combinaci\u00f3n de cebolla y anchoa es un acierto seguro, as\u00ed que en formato tarta ya ni os cuento. Para llorar.\" \/>\n<meta property=\"og:url\" content=\"https:\/\/soulinthekitchen.com\/index.php\/2023\/02\/07\/tarta-salada-de-cebolla-y-anchoas\/\" \/>\n<meta property=\"og:site_name\" content=\"Soulinthekitchen\" \/>\n<meta property=\"article:publisher\" content=\"https:\/\/www.facebook.com\/soulinthekitchenf\/\" \/>\n<meta property=\"article:author\" content=\"https:\/\/www.facebook.com\/soulinthekitchenf\/\" \/>\n<meta property=\"article:published_time\" content=\"2023-02-07T08:50:38+00:00\" \/>\n<meta property=\"og:image\" content=\"http:\/\/soulinthekitchen.com\/wp-content\/uploads\/2023\/02\/P3061030.jpg\" \/>\n\t<meta property=\"og:image:width\" content=\"1200\" \/>\n\t<meta property=\"og:image:height\" content=\"1600\" \/>\n\t<meta property=\"og:image:type\" content=\"image\/jpeg\" \/>\n<meta name=\"author\" content=\"Claudia Polo\" \/>\n<meta name=\"twitter:card\" content=\"summary_large_image\" \/>\n<meta name=\"twitter:label1\" content=\"Written by\" \/>\n\t<meta name=\"twitter:data1\" content=\"Claudia Polo\" \/>\n\t<meta name=\"twitter:label2\" content=\"Est. reading time\" \/>\n\t<meta name=\"twitter:data2\" content=\"1 minute\" \/>\n<script type=\"application\/ld+json\" class=\"yoast-schema-graph\">{\"@context\":\"https:\\\/\\\/schema.org\",\"@graph\":[{\"@type\":\"Article\",\"@id\":\"https:\\\/\\\/soulinthekitchen.com\\\/index.php\\\/2023\\\/02\\\/07\\\/tarta-salada-de-cebolla-y-anchoas\\\/#article\",\"isPartOf\":{\"@id\":\"https:\\\/\\\/soulinthekitchen.com\\\/index.php\\\/2023\\\/02\\\/07\\\/tarta-salada-de-cebolla-y-anchoas\\\/\"},\"author\":{\"name\":\"Claudia Polo\",\"@id\":\"https:\\\/\\\/soulinthekitchen.com\\\/#\\\/schema\\\/person\\\/9c10c068d696e8f0cc708955ecc14a3d\"},\"headline\":\"Tarta salada de cebolla y anchoas\",\"datePublished\":\"2023-02-07T08:50:38+00:00\",\"mainEntityOfPage\":{\"@id\":\"https:\\\/\\\/soulinthekitchen.com\\\/index.php\\\/2023\\\/02\\\/07\\\/tarta-salada-de-cebolla-y-anchoas\\\/\"},\"wordCount\":121,\"commentCount\":0,\"publisher\":{\"@id\":\"https:\\\/\\\/soulinthekitchen.com\\\/#\\\/schema\\\/person\\\/9c10c068d696e8f0cc708955ecc14a3d\"},\"image\":{\"@id\":\"https:\\\/\\\/soulinthekitchen.com\\\/index.php\\\/2023\\\/02\\\/07\\\/tarta-salada-de-cebolla-y-anchoas\\\/#primaryimage\"},\"thumbnailUrl\":\"https:\\\/\\\/soulinthekitchen.com\\\/wp-content\\\/uploads\\\/2023\\\/02\\\/P3061030.jpg\",\"keywords\":[\"alcaparras\",\"anchoas\",\"cebolla\",\"masa\",\"pimientos\",\"tarta salada\"],\"articleSection\":[\"Entrantes\",\"Pasta, arroz y guisos\",\"Verduras\"],\"inLanguage\":\"en-US\",\"potentialAction\":[{\"@type\":\"CommentAction\",\"name\":\"Comment\",\"target\":[\"https:\\\/\\\/soulinthekitchen.com\\\/index.php\\\/2023\\\/02\\\/07\\\/tarta-salada-de-cebolla-y-anchoas\\\/#respond\"]}]},{\"@type\":\"WebPage\",\"@id\":\"https:\\\/\\\/soulinthekitchen.com\\\/index.php\\\/2023\\\/02\\\/07\\\/tarta-salada-de-cebolla-y-anchoas\\\/\",\"url\":\"https:\\\/\\\/soulinthekitchen.com\\\/index.php\\\/2023\\\/02\\\/07\\\/tarta-salada-de-cebolla-y-anchoas\\\/\",\"name\":\"Tarta salada de cebolla y anchoas - Soulinthekitchen\",\"isPartOf\":{\"@id\":\"https:\\\/\\\/soulinthekitchen.com\\\/#website\"},\"primaryImageOfPage\":{\"@id\":\"https:\\\/\\\/soulinthekitchen.com\\\/index.php\\\/2023\\\/02\\\/07\\\/tarta-salada-de-cebolla-y-anchoas\\\/#primaryimage\"},\"image\":{\"@id\":\"https:\\\/\\\/soulinthekitchen.com\\\/index.php\\\/2023\\\/02\\\/07\\\/tarta-salada-de-cebolla-y-anchoas\\\/#primaryimage\"},\"thumbnailUrl\":\"https:\\\/\\\/soulinthekitchen.com\\\/wp-content\\\/uploads\\\/2023\\\/02\\\/P3061030.jpg\",\"datePublished\":\"2023-02-07T08:50:38+00:00\",\"description\":\"La combinaci\u00f3n de cebolla y anchoa es un acierto seguro, as\u00ed que en formato tarta ya ni os cuento. Para llorar.\",\"inLanguage\":\"en-US\",\"potentialAction\":[{\"@type\":\"ReadAction\",\"target\":[\"https:\\\/\\\/soulinthekitchen.com\\\/index.php\\\/2023\\\/02\\\/07\\\/tarta-salada-de-cebolla-y-anchoas\\\/\"]}]},{\"@type\":\"ImageObject\",\"inLanguage\":\"en-US\",\"@id\":\"https:\\\/\\\/soulinthekitchen.com\\\/index.php\\\/2023\\\/02\\\/07\\\/tarta-salada-de-cebolla-y-anchoas\\\/#primaryimage\",\"url\":\"https:\\\/\\\/soulinthekitchen.com\\\/wp-content\\\/uploads\\\/2023\\\/02\\\/P3061030.jpg\",\"contentUrl\":\"https:\\\/\\\/soulinthekitchen.com\\\/wp-content\\\/uploads\\\/2023\\\/02\\\/P3061030.jpg\",\"width\":1200,\"height\":1600},{\"@type\":\"WebSite\",\"@id\":\"https:\\\/\\\/soulinthekitchen.com\\\/#website\",\"url\":\"https:\\\/\\\/soulinthekitchen.com\\\/\",\"name\":\"Soulinthekitchen\",\"description\":\"Cocina consciente.\",\"publisher\":{\"@id\":\"https:\\\/\\\/soulinthekitchen.com\\\/#\\\/schema\\\/person\\\/9c10c068d696e8f0cc708955ecc14a3d\"},\"potentialAction\":[{\"@type\":\"SearchAction\",\"target\":{\"@type\":\"EntryPoint\",\"urlTemplate\":\"https:\\\/\\\/soulinthekitchen.com\\\/?s={search_term_string}\"},\"query-input\":{\"@type\":\"PropertyValueSpecification\",\"valueRequired\":true,\"valueName\":\"search_term_string\"}}],\"inLanguage\":\"en-US\"},{\"@type\":[\"Person\",\"Organization\"],\"@id\":\"https:\\\/\\\/soulinthekitchen.com\\\/#\\\/schema\\\/person\\\/9c10c068d696e8f0cc708955ecc14a3d\",\"name\":\"Claudia Polo\",\"image\":{\"@type\":\"ImageObject\",\"inLanguage\":\"en-US\",\"@id\":\"https:\\\/\\\/soulinthekitchen.com\\\/wp-content\\\/uploads\\\/2022\\\/11\\\/logo-registered.svg\",\"url\":\"https:\\\/\\\/soulinthekitchen.com\\\/wp-content\\\/uploads\\\/2022\\\/11\\\/logo-registered.svg\",\"contentUrl\":\"https:\\\/\\\/soulinthekitchen.com\\\/wp-content\\\/uploads\\\/2022\\\/11\\\/logo-registered.svg\",\"width\":1472,\"height\":162,\"caption\":\"Claudia Polo\"},\"logo\":{\"@id\":\"https:\\\/\\\/soulinthekitchen.com\\\/wp-content\\\/uploads\\\/2022\\\/11\\\/logo-registered.svg\"},\"sameAs\":[\"https:\\\/\\\/www.facebook.com\\\/soulinthekitchenf\\\/\",\"https:\\\/\\\/www.instagram.com\\\/soulinthekitchen\\\/\",\"https:\\\/\\\/www.youtube.com\\\/@soulinthekitchen7128\"],\"url\":\"https:\\\/\\\/soulinthekitchen.com\\\/index.php\\\/author\\\/souleditor123\\\/\"}]}<\/script>\n<!-- \/ Yoast SEO plugin. -->","yoast_head_json":{"title":"Tarta salada de cebolla y anchoas - Soulinthekitchen","description":"La combinaci\u00f3n de cebolla y anchoa es un acierto seguro, as\u00ed que en formato tarta ya ni os cuento. Para llorar.","robots":{"index":"index","follow":"follow","max-snippet":"max-snippet:-1","max-image-preview":"max-image-preview:large","max-video-preview":"max-video-preview:-1"},"canonical":"https:\/\/soulinthekitchen.com\/index.php\/2023\/02\/07\/tarta-salada-de-cebolla-y-anchoas\/","og_locale":"en_US","og_type":"article","og_title":"Tarta salada de cebolla y anchoas - Soulinthekitchen","og_description":"La combinaci\u00f3n de cebolla y anchoa es un acierto seguro, as\u00ed que en formato tarta ya ni os cuento. Para llorar.","og_url":"https:\/\/soulinthekitchen.com\/index.php\/2023\/02\/07\/tarta-salada-de-cebolla-y-anchoas\/","og_site_name":"Soulinthekitchen","article_publisher":"https:\/\/www.facebook.com\/soulinthekitchenf\/","article_author":"https:\/\/www.facebook.com\/soulinthekitchenf\/","article_published_time":"2023-02-07T08:50:38+00:00","og_image":[{"width":1200,"height":1600,"url":"http:\/\/soulinthekitchen.com\/wp-content\/uploads\/2023\/02\/P3061030.jpg","type":"image\/jpeg"}],"author":"Claudia Polo","twitter_card":"summary_large_image","twitter_misc":{"Written by":"Claudia Polo","Est. reading time":"1 minute"},"schema":{"@context":"https:\/\/schema.org","@graph":[{"@type":"Article","@id":"https:\/\/soulinthekitchen.com\/index.php\/2023\/02\/07\/tarta-salada-de-cebolla-y-anchoas\/#article","isPartOf":{"@id":"https:\/\/soulinthekitchen.com\/index.php\/2023\/02\/07\/tarta-salada-de-cebolla-y-anchoas\/"},"author":{"name":"Claudia Polo","@id":"https:\/\/soulinthekitchen.com\/#\/schema\/person\/9c10c068d696e8f0cc708955ecc14a3d"},"headline":"Tarta salada de cebolla y anchoas","datePublished":"2023-02-07T08:50:38+00:00","mainEntityOfPage":{"@id":"https:\/\/soulinthekitchen.com\/index.php\/2023\/02\/07\/tarta-salada-de-cebolla-y-anchoas\/"},"wordCount":121,"commentCount":0,"publisher":{"@id":"https:\/\/soulinthekitchen.com\/#\/schema\/person\/9c10c068d696e8f0cc708955ecc14a3d"},"image":{"@id":"https:\/\/soulinthekitchen.com\/index.php\/2023\/02\/07\/tarta-salada-de-cebolla-y-anchoas\/#primaryimage"},"thumbnailUrl":"https:\/\/soulinthekitchen.com\/wp-content\/uploads\/2023\/02\/P3061030.jpg","keywords":["alcaparras","anchoas","cebolla","masa","pimientos","tarta salada"],"articleSection":["Entrantes","Pasta, arroz y guisos","Verduras"],"inLanguage":"en-US","potentialAction":[{"@type":"CommentAction","name":"Comment","target":["https:\/\/soulinthekitchen.com\/index.php\/2023\/02\/07\/tarta-salada-de-cebolla-y-anchoas\/#respond"]}]},{"@type":"WebPage","@id":"https:\/\/soulinthekitchen.com\/index.php\/2023\/02\/07\/tarta-salada-de-cebolla-y-anchoas\/","url":"https:\/\/soulinthekitchen.com\/index.php\/2023\/02\/07\/tarta-salada-de-cebolla-y-anchoas\/","name":"Tarta salada de cebolla y anchoas - Soulinthekitchen","isPartOf":{"@id":"https:\/\/soulinthekitchen.com\/#website"},"primaryImageOfPage":{"@id":"https:\/\/soulinthekitchen.com\/index.php\/2023\/02\/07\/tarta-salada-de-cebolla-y-anchoas\/#primaryimage"},"image":{"@id":"https:\/\/soulinthekitchen.com\/index.php\/2023\/02\/07\/tarta-salada-de-cebolla-y-anchoas\/#primaryimage"},"thumbnailUrl":"https:\/\/soulinthekitchen.com\/wp-content\/uploads\/2023\/02\/P3061030.jpg","datePublished":"2023-02-07T08:50:38+00:00","description":"La combinaci\u00f3n de cebolla y anchoa es un acierto seguro, as\u00ed que en formato tarta ya ni os cuento. Para llorar.","inLanguage":"en-US","potentialAction":[{"@type":"ReadAction","target":["https:\/\/soulinthekitchen.com\/index.php\/2023\/02\/07\/tarta-salada-de-cebolla-y-anchoas\/"]}]},{"@type":"ImageObject","inLanguage":"en-US","@id":"https:\/\/soulinthekitchen.com\/index.php\/2023\/02\/07\/tarta-salada-de-cebolla-y-anchoas\/#primaryimage","url":"https:\/\/soulinthekitchen.com\/wp-content\/uploads\/2023\/02\/P3061030.jpg","contentUrl":"https:\/\/soulinthekitchen.com\/wp-content\/uploads\/2023\/02\/P3061030.jpg","width":1200,"height":1600},{"@type":"WebSite","@id":"https:\/\/soulinthekitchen.com\/#website","url":"https:\/\/soulinthekitchen.com\/","name":"Soulinthekitchen","description":"Cocina consciente.","publisher":{"@id":"https:\/\/soulinthekitchen.com\/#\/schema\/person\/9c10c068d696e8f0cc708955ecc14a3d"},"potentialAction":[{"@type":"SearchAction","target":{"@type":"EntryPoint","urlTemplate":"https:\/\/soulinthekitchen.com\/?s={search_term_string}"},"query-input":{"@type":"PropertyValueSpecification","valueRequired":true,"valueName":"search_term_string"}}],"inLanguage":"en-US"},{"@type":["Person","Organization"],"@id":"https:\/\/soulinthekitchen.com\/#\/schema\/person\/9c10c068d696e8f0cc708955ecc14a3d","name":"Claudia Polo","image":{"@type":"ImageObject","inLanguage":"en-US","@id":"https:\/\/soulinthekitchen.com\/wp-content\/uploads\/2022\/11\/logo-registered.svg","url":"https:\/\/soulinthekitchen.com\/wp-content\/uploads\/2022\/11\/logo-registered.svg","contentUrl":"https:\/\/soulinthekitchen.com\/wp-content\/uploads\/2022\/11\/logo-registered.svg","width":1472,"height":162,"caption":"Claudia Polo"},"logo":{"@id":"https:\/\/soulinthekitchen.com\/wp-content\/uploads\/2022\/11\/logo-registered.svg"},"sameAs":["https:\/\/www.facebook.com\/soulinthekitchenf\/","https:\/\/www.instagram.com\/soulinthekitchen\/","https:\/\/www.youtube.com\/@soulinthekitchen7128"],"url":"https:\/\/soulinthekitchen.com\/index.php\/author\/souleditor123\/"}]}},"jetpack_featured_media_url":"https:\/\/soulinthekitchen.com\/wp-content\/uploads\/2023\/02\/P3061030.jpg","jetpack_sharing_enabled":true,"_links":{"self":[{"href":"https:\/\/soulinthekitchen.com\/index.php\/wp-json\/wp\/v2\/posts\/2651","targetHints":{"allow":["GET"]}}],"collection":[{"href":"https:\/\/soulinthekitchen.com\/index.php\/wp-json\/wp\/v2\/posts"}],"about":[{"href":"https:\/\/soulinthekitchen.com\/index.php\/wp-json\/wp\/v2\/types\/post"}],"author":[{"embeddable":true,"href":"https:\/\/soulinthekitchen.com\/index.php\/wp-json\/wp\/v2\/users\/2"}],"replies":[{"embeddable":true,"href":"https:\/\/soulinthekitchen.com\/index.php\/wp-json\/wp\/v2\/comments?post=2651"}],"version-history":[{"count":1,"href":"https:\/\/soulinthekitchen.com\/index.php\/wp-json\/wp\/v2\/posts\/2651\/revisions"}],"predecessor-version":[{"id":2654,"href":"https:\/\/soulinthekitchen.com\/index.php\/wp-json\/wp\/v2\/posts\/2651\/revisions\/2654"}],"wp:featuredmedia":[{"embeddable":true,"href":"https:\/\/soulinthekitchen.com\/index.php\/wp-json\/wp\/v2\/media\/2652"}],"wp:attachment":[{"href":"https:\/\/soulinthekitchen.com\/index.php\/wp-json\/wp\/v2\/media?parent=2651"}],"wp:term":[{"taxonomy":"category","embeddable":true,"href":"https:\/\/soulinthekitchen.com\/index.php\/wp-json\/wp\/v2\/categories?post=2651"},{"taxonomy":"post_tag","embeddable":true,"href":"https:\/\/soulinthekitchen.com\/index.php\/wp-json\/wp\/v2\/tags?post=2651"}],"curies":[{"name":"wp","href":"https:\/\/api.w.org\/{rel}","templated":true}]}}